{"id":2383,"date":"2017-09-11T17:01:19","date_gmt":"2017-09-11T15:01:19","guid":{"rendered":"http:\/\/www.tiefseesurfer.de\/?p=2383"},"modified":"2020-05-28T18:57:55","modified_gmt":"2020-05-28T16:57:55","slug":"bau-einer-trainingsbeleuchtung-sliptermine-herbst-2017","status":"publish","type":"post","link":"https:\/\/tiefseesurfer.de\/?p=2383","title":{"rendered":"Bau einer Trainingsbeleuchtung &#038; Sliptermine Herbst 2017"},"content":{"rendered":"<p>Liebe Sportsfreunde,<\/p>\n<p>es ist euch sicherlich nicht entgangen, dass nach der Bewilligung der F\u00f6rdermittel durch das Land Brandenburg auf dem Sportgel\u00e4nde die Arbeiten zum Bau einer Trainings- und Wegebeleuchtung, mit&nbsp; Erneuerung der elektrischen Schalt- und Sicherungsanlagen auf dem Vereinsgel\u00e4nde begonnen haben.<\/p>\n<p>Dazu wurden schon B\u00e4ume beschnitten, Gr\u00e4ben ausgehoben,&nbsp; Kabel verlegt und in der Bootshalle begonnen den neuen Zwischenverteiler zur Energieversorgung zu errichten.<\/p>\n<p>Bis zum endg\u00fcltigen Abschluss der Bauarbeiten werden noch einige Wochen vergehen, denn es m\u00fcssen noch die alten Lichtmasten entfernt, neue aufgestellt und&nbsp; neue Stegzuleitungen mit Absicherung errichtet werden. Vereinbarte Eigenleistungen zur Kostenreduzierung \u00fcbernimmt u.a. Frank Schaary.<\/p>\n<p>Die besonderen Interessen der Abteilung Wassersport vertreten hierf\u00fcr Lutz Sommerburg und Bernd Neumann.<\/p>\n<p>Das bedeutet jedoch auch, dass wir in diesem Herbst nicht, wie gewohnt, schon Ende September mit der Winterlagerung unserer Boote beginnen k\u00f6nnen, da der Stellplatz der Boote teilweise auch der Platz ist, an dem die Bauarbeiten durchgef\u00fchrt werden.<\/p>\n<p>Deshalb haben wir uns in der Abteilungsleitung ausf\u00fchrlich beraten und folgende Termine f\u00fcr das Slippen festgelegt:<\/p>\n<ol>\n<li><strong>14.10.2017<\/strong><\/li>\n<li><strong>15.10.2017<\/strong><\/li>\n<li><strong>21.10.2017<\/strong><\/li>\n<li><strong>22.10.2017<\/strong><\/li>\n<li><strong>28.10.2017<\/strong><\/li>\n<li><strong>01.11.2017<\/strong><\/li>\n<li><strong>04.11.2017<\/strong><\/li>\n<\/ol>\n<p>Hierbei gibt es einige Besonderheiten:<\/p>\n<ul>\n<li>um den sp\u00e4ten ersten Termin, im Vergleich zu den Vorjahren, zu kompensieren, haben wir auch 2 Sonntage integriert<\/li>\n<li>sollte der Fortschritt der Bauarbeiten es zulassen, dass wir die Boote eine oder zwei Wochen fr\u00fcher slippen k\u00f6nnen, werden entsprechende Sonntagstermine vorverschoben, entsprechend umgekehrtes gilt leider auch, wenn sich die Arbeiten verz\u00f6gern<\/li>\n<li>es kann wenig R\u00fccksicht auf Gewohnheitsrecht beim Lagerplatz genommen werden<\/li>\n<li>um Baufreiheit zu gew\u00e4hrleisten, werden zuerst die Winterlager nahe dem Rondell und in der Bootshalle (entsprechender Mietvertrag vorausgesetzt) bezogen<\/li>\n<li>danach werden Winterlager von Booten mit Trailern bezogen, bitte verzichtet zun\u00e4chst darauf die Trailer aufzubocken, damit sie bewegt werden k\u00f6nnen falls es notwendig wird<\/li>\n<li>zum Schluss werden die Boote geslippt, die auf B\u00f6cken abgestellt werden<\/li>\n<li>bitte vermeidet ein eigenm\u00e4chtiges Abstellen eurer Boote auf dem Sportgel\u00e4nde bei individualisiertem Slippen, bitte haltet R\u00fccksprache mit Abteilungsleitung und Platzwarten \u00fcber einen geeigneten Lagerplatz<\/li>\n<\/ul>\n<p>Wir werden euch weiterhin \u00fcber den Fortschritt der Bauarbeiten und ggf. m\u00f6gliche \u00c4nderung der Planung per Aushang und auf unserer Internetseite auf dem Laufenden halten.<\/p>\n<p>Bitte informiert euch rechtzeitig<\/p>\n<p>Eure Abteilungsleitung Wassersport<\/p>\n<h3>Related Images:<\/h3>","protected":false},"excerpt":{"rendered":"<p>Liebe Sportsfreunde, es ist euch sicherlich nicht entgangen, dass nach der Bewilligung der F\u00f6rdermittel durch das Land Brandenburg auf dem Sportgel\u00e4nde die Arbeiten zum Bau einer Trainings- und Wegebeleuchtung, mit&nbsp; Erneuerung der elektrischen Schalt- und Sicherungsanlagen auf dem Vereinsgel\u00e4nde begonnen haben. Dazu wurden schon B\u00e4ume beschnitten, Gr\u00e4ben ausgehoben,&nbsp; Kabel verlegt &#8230;<\/p>\n","protected":false},"author":1,"featured_media":632,"comment_status":"open","ping_status":"closed","sticky":false,"template":"","format":"standard","meta":{"ngg_post_thumbnail":0,"jetpack_post_was_ever_published":false,"_jetpack_newsletter_access":"","_jetpack_dont_email_post_to_subs":false,"_jetpack_newsletter_tier_id":0,"_jetpack_memberships_contains_paywalled_content":false,"_jetpack_memberships_contains_paid_content":false,"footnotes":"","jetpack_publicize_message":"","jetpack_publicize_feature_enabled":true,"jetpack_social_post_already_shared":true,"jetpack_social_options":{"image_generator_settings":{"template":"highway","default_image_id":0,"font":"","enabled":false},"version":2}},"categories":[15],"tags":[],"class_list":["post-2383","post","type-post","status-publish","format-standard","has-post-thumbnail","hentry","category-news-aktuelles","has-thumbnail"],"jetpack_publicize_connections":[],"jetpack_featured_media_url":"https:\/\/tiefseesurfer.de\/wp-content\/uploads\/2013\/07\/esvwimpel.png","jetpack_sharing_enabled":true,"_links":{"self":[{"href":"https:\/\/tiefseesurfer.de\/index.php?rest_route=\/wp\/v2\/posts\/2383","targetHints":{"allow":["GET"]}}],"collection":[{"href":"https:\/\/tiefseesurfer.de\/index.php?rest_route=\/wp\/v2\/posts"}],"about":[{"href":"https:\/\/tiefseesurfer.de\/index.php?rest_route=\/wp\/v2\/types\/post"}],"author":[{"embeddable":true,"href":"https:\/\/tiefseesurfer.de\/index.php?rest_route=\/wp\/v2\/users\/1"}],"replies":[{"embeddable":true,"href":"https:\/\/tiefseesurfer.de\/index.php?rest_route=%2Fwp%2Fv2%2Fcomments&post=2383"}],"version-history":[{"count":1,"href":"https:\/\/tiefseesurfer.de\/index.php?rest_route=\/wp\/v2\/posts\/2383\/revisions"}],"predecessor-version":[{"id":2384,"href":"https:\/\/tiefseesurfer.de\/index.php?rest_route=\/wp\/v2\/posts\/2383\/revisions\/2384"}],"wp:featuredmedia":[{"embeddable":true,"href":"https:\/\/tiefseesurfer.de\/index.php?rest_route=\/wp\/v2\/media\/632"}],"wp:attachment":[{"href":"https:\/\/tiefseesurfer.de\/index.php?rest_route=%2Fwp%2Fv2%2Fmedia&parent=2383"}],"wp:term":[{"taxonomy":"category","embeddable":true,"href":"https:\/\/tiefseesurfer.de\/index.php?rest_route=%2Fwp%2Fv2%2Fcategories&post=2383"},{"taxonomy":"post_tag","embeddable":true,"href":"https:\/\/tiefseesurfer.de\/index.php?rest_route=%2Fwp%2Fv2%2Ftags&post=2383"}],"curies":[{"name":"wp","href":"https:\/\/api.w.org\/{rel}","templated":true}]}}